{"id":3690,"date":"2019-05-01T14:57:00","date_gmt":"2019-05-01T12:57:00","guid":{"rendered":"http:\/\/www.mb-fotografie.de\/website\/?p=3690"},"modified":"2020-02-24T07:29:10","modified_gmt":"2020-02-24T05:29:10","slug":"brautpaar-bekommt-staendchen","status":"publish","type":"post","link":"https:\/\/www.mb-fotografie.de\/website\/brautpaar-bekommt-staendchen\/","title":{"rendered":"Das h\u00e4tten wir nicht erwartet!"},"content":{"rendered":"<h4>Reaktionen der Passanten!<\/h4>\n<p>Ich habe in einem meiner Texte auf der Website schon beschrieben, wie sehr ich mich immer auf die Reaktionen der Passanten freue ! Wie verhalten sie sich, wenn Sie ein Brautpaar sehen, das sich k\u00fcsst, umarmt, streichelt, anl\u00e4chelt. Viele schauen genau hin, bleiben einen Moment stehen, die meisten l\u00e4cheln und viele Gratulieren dem Brautpaar.<!--more--><\/p>\n<p>Dann wird Ihnen klar, hier muss ein Fotograf in der N\u00e4he sein \u2013 und schauen sich ganz hastig um bis sie mich dann entdecken. Dies f\u00fchrt \u00f6fters zu ganzen Blockaden von Fu\u00dfg\u00e4ngerzonen weil sie sich nicht trauen, durchs Bild zu laufen ;-). Ich sags Euch, manchmal brauche ich den Assistenten nur, um den \u201eVerkehr\u201c zu regeln.<\/p>\n<h4>Ein besonderes After Wedding Shooting !<\/h4>\n<p>Hier m\u00f6chte ich Euch einige Bilder dem After Wedding Shooting zeigen, da\u00df wir in T\u00fcbingen shootet haben. Eine ganze Schulklasse hat zusammen aus dem Fenster \u201eHerzlichen Gl\u00fcckwunsch\u201c geschrien.<\/p>\n<p>Das beste ist aber dasVideo, das zeigt, was sich die Leute alles einfallen lassen und wie Emotional solch ein Tag nochmals sein kann !<\/p>\n<p>Ich w\u00fcnsche Euch viel Spa\u00df mit den Bildern und vor allem dem Video !<\/p><iframe title=\"Brautpaar bekommt spontanes St\u00e4ndchen in T\u00fcbingen\" width=\"800\" height=\"450\" src=\"https:\/\/www.youtube.com\/embed\/ArGLG-le0fo?start=2&#038;feature=oembed\" frameborder=\"0\" allow=\"accelerometer; autoplay; encrypted-media; gyroscope; picture-in-picture\" allowfullscreen><\/iframe><p> Mehr Info\u00b4s zum Song <a rel=\"noreferrer noopener\" href=\"https:\/\/de.wikipedia.org\/wiki\/Ewigi_Li%C3%A4bi\" target=\"_blank\">Ewigi_Liabi<\/a> ! <\/p><figure class=\"wp-block-gallery columns-1 is-cropped wp-block-gallery-1 is-layout-flex wp-block-gallery-is-layout-flex\"><ul class=\"blocks-gallery-grid\"><li class=\"blocks-gallery-item\"><figure><a href=\"https:\/\/www.mb-fotografie.de\/website\/wp-content\/uploads\/2016\/05\/Marcus_Braun_Hochzeitsfotograf_wedding-IMG_9717.jpg\"><img fetchpriority=\"high\" decoding=\"async\" width=\"900\" height=\"600\" src=\"https:\/\/www.mb-fotografie.de\/website\/wp-content\/uploads\/2016\/05\/Marcus_Braun_Hochzeitsfotograf_wedding-IMG_9717.jpg\" alt=\"\" data-id=\"3705\" data-full-url=\"https:\/\/www.mb-fotografie.de\/website\/wp-content\/uploads\/2016\/05\/Marcus_Braun_Hochzeitsfotograf_wedding-IMG_9717.jpg\" data-link=\"https:\/\/www.mb-fotografie.de\/website\/marcus_braun_hochzeitsfotograf_wedding-img_9717-2\" class=\"wp-image-3705\" srcset=\"https:\/\/www.mb-fotografie.de\/website\/wp-content\/uploads\/2016\/05\/Marcus_Braun_Hochzeitsfotograf_wedding-IMG_9717.jpg 900w, https:\/\/www.mb-fotografie.de\/website\/wp-content\/uploads\/2016\/05\/Marcus_Braun_Hochzeitsfotograf_wedding-IMG_9717-330x220.jpg 330w, https:\/\/www.mb-fotografie.de\/website\/wp-content\/uploads\/2016\/05\/Marcus_Braun_Hochzeitsfotograf_wedding-IMG_9717-600x400.jpg 600w, https:\/\/www.mb-fotografie.de\/website\/wp-content\/uploads\/2016\/05\/Marcus_Braun_Hochzeitsfotograf_wedding-IMG_9717-768x512.jpg 768w, https:\/\/www.mb-fotografie.de\/website\/wp-content\/uploads\/2016\/05\/Marcus_Braun_Hochzeitsfotograf_wedding-IMG_9717-480x320.jpg 480w\" sizes=\"(max-width: 900px) 100vw, 900px\" \/><\/a><\/figure><\/li><li class=\"blocks-gallery-item\"><figure><a href=\"https:\/\/www.mb-fotografie.de\/website\/wp-content\/uploads\/2016\/05\/Marcus_Braun_Hochzeitsfotograf_wedding-IMG_9659.jpg\"><img decoding=\"async\" width=\"900\" height=\"600\" src=\"https:\/\/www.mb-fotografie.de\/website\/wp-content\/uploads\/2016\/05\/Marcus_Braun_Hochzeitsfotograf_wedding-IMG_9659.jpg\" alt=\"\" data-id=\"3704\" data-full-url=\"https:\/\/www.mb-fotografie.de\/website\/wp-content\/uploads\/2016\/05\/Marcus_Braun_Hochzeitsfotograf_wedding-IMG_9659.jpg\" data-link=\"https:\/\/www.mb-fotografie.de\/website\/marcus_braun_hochzeitsfotograf_wedding-img_9659-2\" class=\"wp-image-3704\" srcset=\"https:\/\/www.mb-fotografie.de\/website\/wp-content\/uploads\/2016\/05\/Marcus_Braun_Hochzeitsfotograf_wedding-IMG_9659.jpg 900w, https:\/\/www.mb-fotografie.de\/website\/wp-content\/uploads\/2016\/05\/Marcus_Braun_Hochzeitsfotograf_wedding-IMG_9659-330x220.jpg 330w, https:\/\/www.mb-fotografie.de\/website\/wp-content\/uploads\/2016\/05\/Marcus_Braun_Hochzeitsfotograf_wedding-IMG_9659-600x400.jpg 600w, https:\/\/www.mb-fotografie.de\/website\/wp-content\/uploads\/2016\/05\/Marcus_Braun_Hochzeitsfotograf_wedding-IMG_9659-768x512.jpg 768w, https:\/\/www.mb-fotografie.de\/website\/wp-content\/uploads\/2016\/05\/Marcus_Braun_Hochzeitsfotograf_wedding-IMG_9659-480x320.jpg 480w\" sizes=\"(max-width: 900px) 100vw, 900px\" \/><\/a><\/figure><\/li><li class=\"blocks-gallery-item\"><figure><a href=\"https:\/\/www.mb-fotografie.de\/website\/wp-content\/uploads\/2016\/05\/Marcus_Braun_Hochzeitsfotograf_wedding-IMG_9564.jpg\"><img decoding=\"async\" width=\"900\" height=\"600\" src=\"https:\/\/www.mb-fotografie.de\/website\/wp-content\/uploads\/2016\/05\/Marcus_Braun_Hochzeitsfotograf_wedding-IMG_9564.jpg\" alt=\"\" data-id=\"3703\" data-full-url=\"https:\/\/www.mb-fotografie.de\/website\/wp-content\/uploads\/2016\/05\/Marcus_Braun_Hochzeitsfotograf_wedding-IMG_9564.jpg\" data-link=\"https:\/\/www.mb-fotografie.de\/website\/marcus_braun_hochzeitsfotograf_wedding-img_9564-2\" class=\"wp-image-3703\" srcset=\"https:\/\/www.mb-fotografie.de\/website\/wp-content\/uploads\/2016\/05\/Marcus_Braun_Hochzeitsfotograf_wedding-IMG_9564.jpg 900w, https:\/\/www.mb-fotografie.de\/website\/wp-content\/uploads\/2016\/05\/Marcus_Braun_Hochzeitsfotograf_wedding-IMG_9564-330x220.jpg 330w, https:\/\/www.mb-fotografie.de\/website\/wp-content\/uploads\/2016\/05\/Marcus_Braun_Hochzeitsfotograf_wedding-IMG_9564-600x400.jpg 600w, https:\/\/www.mb-fotografie.de\/website\/wp-content\/uploads\/2016\/05\/Marcus_Braun_Hochzeitsfotograf_wedding-IMG_9564-768x512.jpg 768w, https:\/\/www.mb-fotografie.de\/website\/wp-content\/uploads\/2016\/05\/Marcus_Braun_Hochzeitsfotograf_wedding-IMG_9564-480x320.jpg 480w\" sizes=\"(max-width: 900px) 100vw, 900px\" \/><\/a><\/figure><\/li><li class=\"blocks-gallery-item\"><figure><a href=\"https:\/\/www.mb-fotografie.de\/website\/wp-content\/uploads\/2016\/05\/Marcus_Braun_Hochzeitsfotograf_wedding-IMG_9424.jpg\"><img loading=\"lazy\" decoding=\"async\" width=\"900\" height=\"600\" src=\"https:\/\/www.mb-fotografie.de\/website\/wp-content\/uploads\/2016\/05\/Marcus_Braun_Hochzeitsfotograf_wedding-IMG_9424.jpg\" alt=\"\" data-id=\"3702\" data-full-url=\"https:\/\/www.mb-fotografie.de\/website\/wp-content\/uploads\/2016\/05\/Marcus_Braun_Hochzeitsfotograf_wedding-IMG_9424.jpg\" data-link=\"https:\/\/www.mb-fotografie.de\/website\/marcus_braun_hochzeitsfotograf_wedding-img_9424-2\" class=\"wp-image-3702\" srcset=\"https:\/\/www.mb-fotografie.de\/website\/wp-content\/uploads\/2016\/05\/Marcus_Braun_Hochzeitsfotograf_wedding-IMG_9424.jpg 900w, https:\/\/www.mb-fotografie.de\/website\/wp-content\/uploads\/2016\/05\/Marcus_Braun_Hochzeitsfotograf_wedding-IMG_9424-330x220.jpg 330w, https:\/\/www.mb-fotografie.de\/website\/wp-content\/uploads\/2016\/05\/Marcus_Braun_Hochzeitsfotograf_wedding-IMG_9424-600x400.jpg 600w, https:\/\/www.mb-fotografie.de\/website\/wp-content\/uploads\/2016\/05\/Marcus_Braun_Hochzeitsfotograf_wedding-IMG_9424-768x512.jpg 768w, https:\/\/www.mb-fotografie.de\/website\/wp-content\/uploads\/2016\/05\/Marcus_Braun_Hochzeitsfotograf_wedding-IMG_9424-480x320.jpg 480w\" sizes=\"(max-width: 900px) 100vw, 900px\" \/><\/a><\/figure><\/li><li class=\"blocks-gallery-item\"><figure><a href=\"https:\/\/www.mb-fotografie.de\/website\/wp-content\/uploads\/2016\/05\/Marcus_Braun_Hochzeitsfotograf_wedding-IMG_9418.jpg\"><img loading=\"lazy\" decoding=\"async\" width=\"900\" height=\"600\" src=\"https:\/\/www.mb-fotografie.de\/website\/wp-content\/uploads\/2016\/05\/Marcus_Braun_Hochzeitsfotograf_wedding-IMG_9418.jpg\" alt=\"\" data-id=\"3701\" data-full-url=\"https:\/\/www.mb-fotografie.de\/website\/wp-content\/uploads\/2016\/05\/Marcus_Braun_Hochzeitsfotograf_wedding-IMG_9418.jpg\" data-link=\"https:\/\/www.mb-fotografie.de\/website\/marcus_braun_hochzeitsfotograf_wedding-img_9418-2\" class=\"wp-image-3701\" srcset=\"https:\/\/www.mb-fotografie.de\/website\/wp-content\/uploads\/2016\/05\/Marcus_Braun_Hochzeitsfotograf_wedding-IMG_9418.jpg 900w, https:\/\/www.mb-fotografie.de\/website\/wp-content\/uploads\/2016\/05\/Marcus_Braun_Hochzeitsfotograf_wedding-IMG_9418-330x220.jpg 330w, https:\/\/www.mb-fotografie.de\/website\/wp-content\/uploads\/2016\/05\/Marcus_Braun_Hochzeitsfotograf_wedding-IMG_9418-600x400.jpg 600w, https:\/\/www.mb-fotografie.de\/website\/wp-content\/uploads\/2016\/05\/Marcus_Braun_Hochzeitsfotograf_wedding-IMG_9418-768x512.jpg 768w, https:\/\/www.mb-fotografie.de\/website\/wp-content\/uploads\/2016\/05\/Marcus_Braun_Hochzeitsfotograf_wedding-IMG_9418-480x320.jpg 480w\" sizes=\"(max-width: 900px) 100vw, 900px\" \/><\/a><\/figure><\/li><li class=\"blocks-gallery-item\"><figure><a href=\"https:\/\/www.mb-fotografie.de\/website\/wp-content\/uploads\/2016\/05\/Marcus_Braun_Hochzeitsfotograf_wedding-IMG_9256.jpg\"><img loading=\"lazy\" decoding=\"async\" width=\"900\" height=\"600\" src=\"https:\/\/www.mb-fotografie.de\/website\/wp-content\/uploads\/2016\/05\/Marcus_Braun_Hochzeitsfotograf_wedding-IMG_9256.jpg\" alt=\"\" data-id=\"3700\" data-full-url=\"https:\/\/www.mb-fotografie.de\/website\/wp-content\/uploads\/2016\/05\/Marcus_Braun_Hochzeitsfotograf_wedding-IMG_9256.jpg\" data-link=\"https:\/\/www.mb-fotografie.de\/website\/marcus_braun_hochzeitsfotograf_wedding-img_9256-2\" class=\"wp-image-3700\" srcset=\"https:\/\/www.mb-fotografie.de\/website\/wp-content\/uploads\/2016\/05\/Marcus_Braun_Hochzeitsfotograf_wedding-IMG_9256.jpg 900w, https:\/\/www.mb-fotografie.de\/website\/wp-content\/uploads\/2016\/05\/Marcus_Braun_Hochzeitsfotograf_wedding-IMG_9256-330x220.jpg 330w, https:\/\/www.mb-fotografie.de\/website\/wp-content\/uploads\/2016\/05\/Marcus_Braun_Hochzeitsfotograf_wedding-IMG_9256-600x400.jpg 600w, https:\/\/www.mb-fotografie.de\/website\/wp-content\/uploads\/2016\/05\/Marcus_Braun_Hochzeitsfotograf_wedding-IMG_9256-768x512.jpg 768w, https:\/\/www.mb-fotografie.de\/website\/wp-content\/uploads\/2016\/05\/Marcus_Braun_Hochzeitsfotograf_wedding-IMG_9256-480x320.jpg 480w\" sizes=\"(max-width: 900px) 100vw, 900px\" \/><\/a><\/figure><\/li><li class=\"blocks-gallery-item\"><figure><a href=\"https:\/\/www.mb-fotografie.de\/website\/wp-content\/uploads\/2016\/05\/Marcus_Braun_Hochzeitsfotograf_wedding-IMG_9207.jpg\"><img loading=\"lazy\" decoding=\"async\" width=\"900\" height=\"600\" src=\"https:\/\/www.mb-fotografie.de\/website\/wp-content\/uploads\/2016\/05\/Marcus_Braun_Hochzeitsfotograf_wedding-IMG_9207.jpg\" alt=\"\" data-id=\"3699\" data-full-url=\"https:\/\/www.mb-fotografie.de\/website\/wp-content\/uploads\/2016\/05\/Marcus_Braun_Hochzeitsfotograf_wedding-IMG_9207.jpg\" data-link=\"https:\/\/www.mb-fotografie.de\/website\/marcus_braun_hochzeitsfotograf_wedding-img_9207-2\" class=\"wp-image-3699\" srcset=\"https:\/\/www.mb-fotografie.de\/website\/wp-content\/uploads\/2016\/05\/Marcus_Braun_Hochzeitsfotograf_wedding-IMG_9207.jpg 900w, https:\/\/www.mb-fotografie.de\/website\/wp-content\/uploads\/2016\/05\/Marcus_Braun_Hochzeitsfotograf_wedding-IMG_9207-330x220.jpg 330w, https:\/\/www.mb-fotografie.de\/website\/wp-content\/uploads\/2016\/05\/Marcus_Braun_Hochzeitsfotograf_wedding-IMG_9207-600x400.jpg 600w, https:\/\/www.mb-fotografie.de\/website\/wp-content\/uploads\/2016\/05\/Marcus_Braun_Hochzeitsfotograf_wedding-IMG_9207-768x512.jpg 768w, https:\/\/www.mb-fotografie.de\/website\/wp-content\/uploads\/2016\/05\/Marcus_Braun_Hochzeitsfotograf_wedding-IMG_9207-480x320.jpg 480w\" sizes=\"(max-width: 900px) 100vw, 900px\" \/><\/a><\/figure><\/li><li class=\"blocks-gallery-item\"><figure><a href=\"https:\/\/www.mb-fotografie.de\/website\/wp-content\/uploads\/2016\/05\/Marcus_Braun_Hochzeitsfotograf_wedding-IMG_0252.jpg\"><img loading=\"lazy\" decoding=\"async\" width=\"900\" height=\"600\" src=\"https:\/\/www.mb-fotografie.de\/website\/wp-content\/uploads\/2016\/05\/Marcus_Braun_Hochzeitsfotograf_wedding-IMG_0252.jpg\" alt=\"\" data-id=\"3698\" data-full-url=\"https:\/\/www.mb-fotografie.de\/website\/wp-content\/uploads\/2016\/05\/Marcus_Braun_Hochzeitsfotograf_wedding-IMG_0252.jpg\" data-link=\"https:\/\/www.mb-fotografie.de\/website\/marcus_braun_hochzeitsfotograf_wedding-img_0252-2\" class=\"wp-image-3698\" srcset=\"https:\/\/www.mb-fotografie.de\/website\/wp-content\/uploads\/2016\/05\/Marcus_Braun_Hochzeitsfotograf_wedding-IMG_0252.jpg 900w, https:\/\/www.mb-fotografie.de\/website\/wp-content\/uploads\/2016\/05\/Marcus_Braun_Hochzeitsfotograf_wedding-IMG_0252-330x220.jpg 330w, https:\/\/www.mb-fotografie.de\/website\/wp-content\/uploads\/2016\/05\/Marcus_Braun_Hochzeitsfotograf_wedding-IMG_0252-600x400.jpg 600w, https:\/\/www.mb-fotografie.de\/website\/wp-content\/uploads\/2016\/05\/Marcus_Braun_Hochzeitsfotograf_wedding-IMG_0252-768x512.jpg 768w, https:\/\/www.mb-fotografie.de\/website\/wp-content\/uploads\/2016\/05\/Marcus_Braun_Hochzeitsfotograf_wedding-IMG_0252-480x320.jpg 480w\" sizes=\"(max-width: 900px) 100vw, 900px\" \/><\/a><\/figure><\/li><li class=\"blocks-gallery-item\"><figure><a href=\"https:\/\/www.mb-fotografie.de\/website\/wp-content\/uploads\/2016\/05\/Marcus_Braun_Hochzeitsfotograf_wedding-IMG_0115.jpg\"><img loading=\"lazy\" decoding=\"async\" width=\"900\" height=\"600\" src=\"https:\/\/www.mb-fotografie.de\/website\/wp-content\/uploads\/2016\/05\/Marcus_Braun_Hochzeitsfotograf_wedding-IMG_0115.jpg\" alt=\"\" data-id=\"3697\" data-full-url=\"https:\/\/www.mb-fotografie.de\/website\/wp-content\/uploads\/2016\/05\/Marcus_Braun_Hochzeitsfotograf_wedding-IMG_0115.jpg\" data-link=\"https:\/\/www.mb-fotografie.de\/website\/marcus_braun_hochzeitsfotograf_wedding-img_0115-2\" class=\"wp-image-3697\" srcset=\"https:\/\/www.mb-fotografie.de\/website\/wp-content\/uploads\/2016\/05\/Marcus_Braun_Hochzeitsfotograf_wedding-IMG_0115.jpg 900w, https:\/\/www.mb-fotografie.de\/website\/wp-content\/uploads\/2016\/05\/Marcus_Braun_Hochzeitsfotograf_wedding-IMG_0115-330x220.jpg 330w, https:\/\/www.mb-fotografie.de\/website\/wp-content\/uploads\/2016\/05\/Marcus_Braun_Hochzeitsfotograf_wedding-IMG_0115-600x400.jpg 600w, https:\/\/www.mb-fotografie.de\/website\/wp-content\/uploads\/2016\/05\/Marcus_Braun_Hochzeitsfotograf_wedding-IMG_0115-768x512.jpg 768w, https:\/\/www.mb-fotografie.de\/website\/wp-content\/uploads\/2016\/05\/Marcus_Braun_Hochzeitsfotograf_wedding-IMG_0115-480x320.jpg 480w\" sizes=\"(max-width: 900px) 100vw, 900px\" \/><\/a><\/figure><\/li><li class=\"blocks-gallery-item\"><figure><a href=\"https:\/\/www.mb-fotografie.de\/website\/wp-content\/uploads\/2016\/05\/Marcus_Braun_Hochzeitsfotograf_wedding-IMG_0013.jpg\"><img loading=\"lazy\" decoding=\"async\" width=\"900\" height=\"600\" src=\"https:\/\/www.mb-fotografie.de\/website\/wp-content\/uploads\/2016\/05\/Marcus_Braun_Hochzeitsfotograf_wedding-IMG_0013.jpg\" alt=\"\" data-id=\"3696\" data-full-url=\"https:\/\/www.mb-fotografie.de\/website\/wp-content\/uploads\/2016\/05\/Marcus_Braun_Hochzeitsfotograf_wedding-IMG_0013.jpg\" data-link=\"https:\/\/www.mb-fotografie.de\/website\/marcus_braun_hochzeitsfotograf_wedding-img_0013-2\" class=\"wp-image-3696\" srcset=\"https:\/\/www.mb-fotografie.de\/website\/wp-content\/uploads\/2016\/05\/Marcus_Braun_Hochzeitsfotograf_wedding-IMG_0013.jpg 900w, https:\/\/www.mb-fotografie.de\/website\/wp-content\/uploads\/2016\/05\/Marcus_Braun_Hochzeitsfotograf_wedding-IMG_0013-330x220.jpg 330w, https:\/\/www.mb-fotografie.de\/website\/wp-content\/uploads\/2016\/05\/Marcus_Braun_Hochzeitsfotograf_wedding-IMG_0013-600x400.jpg 600w, https:\/\/www.mb-fotografie.de\/website\/wp-content\/uploads\/2016\/05\/Marcus_Braun_Hochzeitsfotograf_wedding-IMG_0013-768x512.jpg 768w, https:\/\/www.mb-fotografie.de\/website\/wp-content\/uploads\/2016\/05\/Marcus_Braun_Hochzeitsfotograf_wedding-IMG_0013-480x320.jpg 480w\" sizes=\"(max-width: 900px) 100vw, 900px\" \/><\/a><\/figure><\/li><\/ul><\/figure><p class=\"wp-block-tag-cloud\"><a href=\"https:\/\/www.mb-fotografie.de\/website\/tag\/afterwedding\/\" class=\"tag-cloud-link tag-link-216 tag-link-position-1\" style=\"font-size: 16.716981132075pt;\" aria-label=\"Afterwedding (48\u00a0Eintr\u00e4ge)\">Afterwedding<\/a>\n<a href=\"https:\/\/www.mb-fotografie.de\/website\/tag\/after-wedding-shooting\/\" class=\"tag-cloud-link tag-link-78 tag-link-position-2\" style=\"font-size: 21.559748427673pt;\" aria-label=\"after wedding shooting (173\u00a0Eintr\u00e4ge)\">after wedding shooting<\/a>\n<a href=\"https:\/\/www.mb-fotografie.de\/website\/tag\/aktuell\/\" class=\"tag-cloud-link tag-link-97 tag-link-position-3\" style=\"font-size: 20.238993710692pt;\" aria-label=\"aktuell (121\u00a0Eintr\u00e4ge)\">aktuell<\/a>\n<a href=\"https:\/\/www.mb-fotografie.de\/website\/tag\/albstadt\/\" class=\"tag-cloud-link tag-link-165 tag-link-position-4\" style=\"font-size: 12.40251572327pt;\" aria-label=\"Albstadt (15\u00a0Eintr\u00e4ge)\">Albstadt<\/a>\n<a href=\"https:\/\/www.mb-fotografie.de\/website\/tag\/balingen\/\" class=\"tag-cloud-link tag-link-85 tag-link-position-5\" style=\"font-size: 20.679245283019pt;\" aria-label=\"balingen (136\u00a0Eintr\u00e4ge)\">balingen<\/a>\n<a href=\"https:\/\/www.mb-fotografie.de\/website\/tag\/bodensee\/\" class=\"tag-cloud-link tag-link-219 tag-link-position-6\" style=\"font-size: 16.716981132075pt;\" aria-label=\"Bodensee (48\u00a0Eintr\u00e4ge)\">Bodensee<\/a>\n<a href=\"https:\/\/www.mb-fotografie.de\/website\/tag\/brautpaar\/\" class=\"tag-cloud-link tag-link-257 tag-link-position-7\" style=\"font-size: 8pt;\" aria-label=\"Brautpaar (4\u00a0Eintr\u00e4ge)\">Brautpaar<\/a>\n<a href=\"https:\/\/www.mb-fotografie.de\/website\/tag\/ceremony\/\" class=\"tag-cloud-link tag-link-353 tag-link-position-8\" style=\"font-size: 9.3207547169811pt;\" aria-label=\"Ceremony (6\u00a0Eintr\u00e4ge)\">Ceremony<\/a>\n<a href=\"https:\/\/www.mb-fotografie.de\/website\/tag\/dreaming\/\" class=\"tag-cloud-link tag-link-17 tag-link-position-9\" style=\"font-size: 8.7044025157233pt;\" aria-label=\"Dreaming (5\u00a0Eintr\u00e4ge)\">Dreaming<\/a>\n<a href=\"https:\/\/www.mb-fotografie.de\/website\/tag\/engagement-shooting\/\" class=\"tag-cloud-link tag-link-167 tag-link-position-10\" style=\"font-size: 12.40251572327pt;\" aria-label=\"Engagement Shooting (15\u00a0Eintr\u00e4ge)\">Engagement Shooting<\/a>\n<a href=\"https:\/\/www.mb-fotografie.de\/website\/tag\/fotoblog\/\" class=\"tag-cloud-link tag-link-96 tag-link-position-11\" style=\"font-size: 20.238993710692pt;\" aria-label=\"fotoblog (121\u00a0Eintr\u00e4ge)\">fotoblog<\/a>\n<a href=\"https:\/\/www.mb-fotografie.de\/website\/tag\/fotografie\/\" class=\"tag-cloud-link tag-link-273 tag-link-position-12\" style=\"font-size: 8pt;\" aria-label=\"Fotografie (4\u00a0Eintr\u00e4ge)\">Fotografie<\/a>\n<a href=\"https:\/\/www.mb-fotografie.de\/website\/tag\/fotograf-marcus-braun\/\" class=\"tag-cloud-link tag-link-265 tag-link-position-13\" style=\"font-size: 8pt;\" aria-label=\"FOTOGRAF Marcus Braun (4\u00a0Eintr\u00e4ge)\">FOTOGRAF Marcus Braun<\/a>\n<a href=\"https:\/\/www.mb-fotografie.de\/website\/tag\/fotoshooting\/\" class=\"tag-cloud-link tag-link-272 tag-link-position-14\" style=\"font-size: 8pt;\" aria-label=\"FOTOSHOOTING (4\u00a0Eintr\u00e4ge)\">FOTOSHOOTING<\/a>\n<a href=\"https:\/\/www.mb-fotografie.de\/website\/tag\/hochzeitsfotograf-balingen\/\" class=\"tag-cloud-link tag-link-330 tag-link-position-15\" style=\"font-size: 8pt;\" aria-label=\"Hochzeitsfotograf Balingen (4\u00a0Eintr\u00e4ge)\">Hochzeitsfotograf Balingen<\/a>\n<a href=\"https:\/\/www.mb-fotografie.de\/website\/tag\/hochzeitsfotograf-hechingen\/\" class=\"tag-cloud-link tag-link-88 tag-link-position-16\" style=\"font-size: 20.679245283019pt;\" aria-label=\"Hochzeitsfotograf Hechingen (136\u00a0Eintr\u00e4ge)\">Hochzeitsfotograf Hechingen<\/a>\n<a href=\"https:\/\/www.mb-fotografie.de\/website\/tag\/hochzeitsfotograf-rottenburg\/\" class=\"tag-cloud-link tag-link-318 tag-link-position-17\" style=\"font-size: 8pt;\" aria-label=\"HOCHZEITSFOTOGRAF ROTTENBURG (4\u00a0Eintr\u00e4ge)\">HOCHZEITSFOTOGRAF ROTTENBURG<\/a>\n<a href=\"https:\/\/www.mb-fotografie.de\/website\/tag\/hochzeitsfotograf-zollernalb\/\" class=\"tag-cloud-link tag-link-89 tag-link-position-18\" style=\"font-size: 20.679245283019pt;\" aria-label=\"Hochzeitsfotograf Zollernalb (136\u00a0Eintr\u00e4ge)\">Hochzeitsfotograf Zollernalb<\/a>\n<a href=\"https:\/\/www.mb-fotografie.de\/website\/tag\/hochzeitsfotograf-zollernalbkreis\/\" class=\"tag-cloud-link tag-link-160 tag-link-position-19\" style=\"font-size: 12.40251572327pt;\" aria-label=\"Hochzeitsfotograf Zollernalbkreis (15\u00a0Eintr\u00e4ge)\">Hochzeitsfotograf Zollernalbkreis<\/a>\n<a href=\"https:\/\/www.mb-fotografie.de\/website\/tag\/hochzeits-reportage\/\" class=\"tag-cloud-link tag-link-163 tag-link-position-20\" style=\"font-size: 12.40251572327pt;\" aria-label=\"Hochzeits Reportage (15\u00a0Eintr\u00e4ge)\">Hochzeits Reportage<\/a>\n<a href=\"https:\/\/www.mb-fotografie.de\/website\/tag\/international\/\" class=\"tag-cloud-link tag-link-79 tag-link-position-21\" style=\"font-size: 20.679245283019pt;\" aria-label=\"international (136\u00a0Eintr\u00e4ge)\">international<\/a>\n<a href=\"https:\/\/www.mb-fotografie.de\/website\/tag\/konstanz\/\" class=\"tag-cloud-link tag-link-220 tag-link-position-22\" style=\"font-size: 16.716981132075pt;\" aria-label=\"Konstanz (48\u00a0Eintr\u00e4ge)\">Konstanz<\/a>\n<a href=\"https:\/\/www.mb-fotografie.de\/website\/tag\/marcus-braun\/\" class=\"tag-cloud-link tag-link-98 tag-link-position-23\" style=\"font-size: 22pt;\" aria-label=\"Marcus Braun (195\u00a0Eintr\u00e4ge)\">Marcus Braun<\/a>\n<a href=\"https:\/\/www.mb-fotografie.de\/website\/tag\/marcus-braun-fotografie\/\" class=\"tag-cloud-link tag-link-270 tag-link-position-24\" style=\"font-size: 8pt;\" aria-label=\"Marcus Braun Fotografie (4\u00a0Eintr\u00e4ge)\">Marcus Braun Fotografie<\/a>\n<a href=\"https:\/\/www.mb-fotografie.de\/website\/tag\/marcus-braun-hochzeitsfotografie\/\" class=\"tag-cloud-link tag-link-204 tag-link-position-25\" style=\"font-size: 9.3207547169811pt;\" aria-label=\"Marcus Braun Hochzeitsfotografie (6\u00a0Eintr\u00e4ge)\">Marcus Braun Hochzeitsfotografie<\/a>\n<a href=\"https:\/\/www.mb-fotografie.de\/website\/tag\/mb-fotografie-de\/\" class=\"tag-cloud-link tag-link-75 tag-link-position-26\" style=\"font-size: 21.823899371069pt;\" aria-label=\"mb-fotografie.de (184\u00a0Eintr\u00e4ge)\">mb-fotografie.de<\/a>\n<a href=\"https:\/\/www.mb-fotografie.de\/website\/tag\/mediendesign\/\" class=\"tag-cloud-link tag-link-131 tag-link-position-27\" style=\"font-size: 20.150943396226pt;\" aria-label=\"mediendesign (118\u00a0Eintr\u00e4ge)\">mediendesign<\/a>\n<a href=\"https:\/\/www.mb-fotografie.de\/website\/tag\/photographers-at-work\/\" class=\"tag-cloud-link tag-link-118 tag-link-position-28\" style=\"font-size: 20.238993710692pt;\" aria-label=\"photographers at work (121\u00a0Eintr\u00e4ge)\">photographers at work<\/a>\n<a href=\"https:\/\/www.mb-fotografie.de\/website\/tag\/photography\/\" class=\"tag-cloud-link tag-link-354 tag-link-position-29\" style=\"font-size: 9.7610062893082pt;\" aria-label=\"Photography (7\u00a0Eintr\u00e4ge)\">Photography<\/a>\n<a href=\"https:\/\/www.mb-fotografie.de\/website\/tag\/portrait-photography\/\" class=\"tag-cloud-link tag-link-112 tag-link-position-30\" style=\"font-size: 20.238993710692pt;\" aria-label=\"portrait photography (121\u00a0Eintr\u00e4ge)\">portrait photography<\/a>\n<a href=\"https:\/\/www.mb-fotografie.de\/website\/tag\/profi\/\" class=\"tag-cloud-link tag-link-94 tag-link-position-31\" style=\"font-size: 20.238993710692pt;\" aria-label=\"profi (121\u00a0Eintr\u00e4ge)\">profi<\/a>\n<a href=\"https:\/\/www.mb-fotografie.de\/website\/tag\/reutlingen\/\" class=\"tag-cloud-link tag-link-74 tag-link-position-32\" style=\"font-size: 21.823899371069pt;\" aria-label=\"Reutlingen (184\u00a0Eintr\u00e4ge)\">Reutlingen<\/a>\n<a href=\"https:\/\/www.mb-fotografie.de\/website\/tag\/rottenburg\/\" class=\"tag-cloud-link tag-link-87 tag-link-position-33\" style=\"font-size: 21.823899371069pt;\" aria-label=\"rottenburg (184\u00a0Eintr\u00e4ge)\">rottenburg<\/a>\n<a href=\"https:\/\/www.mb-fotografie.de\/website\/tag\/rottweil\/\" class=\"tag-cloud-link tag-link-217 tag-link-position-34\" style=\"font-size: 16.716981132075pt;\" aria-label=\"Rottweil (48\u00a0Eintr\u00e4ge)\">Rottweil<\/a>\n<a href=\"https:\/\/www.mb-fotografie.de\/website\/tag\/sigmaringen\/\" class=\"tag-cloud-link tag-link-86 tag-link-position-35\" style=\"font-size: 20.679245283019pt;\" aria-label=\"sigmaringen (136\u00a0Eintr\u00e4ge)\">sigmaringen<\/a>\n<a href=\"https:\/\/www.mb-fotografie.de\/website\/tag\/suddeutschland\/\" class=\"tag-cloud-link tag-link-81 tag-link-position-36\" style=\"font-size: 21.911949685535pt;\" aria-label=\"s\u00fcddeutschland (190\u00a0Eintr\u00e4ge)\">s\u00fcddeutschland<\/a>\n<a href=\"https:\/\/www.mb-fotografie.de\/website\/tag\/tips\/\" class=\"tag-cloud-link tag-link-355 tag-link-position-37\" style=\"font-size: 8pt;\" aria-label=\"Tips (4\u00a0Eintr\u00e4ge)\">Tips<\/a>\n<a href=\"https:\/\/www.mb-fotografie.de\/website\/tag\/trash-your-dress\/\" class=\"tag-cloud-link tag-link-169 tag-link-position-38\" style=\"font-size: 12.40251572327pt;\" aria-label=\"Trash your Dress (15\u00a0Eintr\u00e4ge)\">Trash your Dress<\/a>\n<a href=\"https:\/\/www.mb-fotografie.de\/website\/tag\/tuttlingen\/\" class=\"tag-cloud-link tag-link-218 tag-link-position-39\" style=\"font-size: 16.716981132075pt;\" aria-label=\"Tuttlingen (48\u00a0Eintr\u00e4ge)\">Tuttlingen<\/a>\n<a href=\"https:\/\/www.mb-fotografie.de\/website\/tag\/wedding\/\" class=\"tag-cloud-link tag-link-356 tag-link-position-40\" style=\"font-size: 9.7610062893082pt;\" aria-label=\"Wedding (7\u00a0Eintr\u00e4ge)\">Wedding<\/a>\n<a href=\"https:\/\/www.mb-fotografie.de\/website\/tag\/wedding-photographer\/\" class=\"tag-cloud-link tag-link-161 tag-link-position-41\" style=\"font-size: 12.40251572327pt;\" aria-label=\"Wedding Photographer (15\u00a0Eintr\u00e4ge)\">Wedding Photographer<\/a>\n<a href=\"https:\/\/www.mb-fotografie.de\/website\/tag\/weddings\/\" class=\"tag-cloud-link tag-link-90 tag-link-position-42\" style=\"font-size: 20.679245283019pt;\" aria-label=\"Weddings (136\u00a0Eintr\u00e4ge)\">Weddings<\/a>\n<a href=\"https:\/\/www.mb-fotografie.de\/website\/tag\/weltweit\/\" class=\"tag-cloud-link tag-link-166 tag-link-position-43\" style=\"font-size: 12.40251572327pt;\" aria-label=\"Weltweit (15\u00a0Eintr\u00e4ge)\">Weltweit<\/a>\n<a href=\"https:\/\/www.mb-fotografie.de\/website\/tag\/zollernalbkreis\/\" class=\"tag-cloud-link tag-link-82 tag-link-position-44\" style=\"font-size: 20.943396226415pt;\" aria-label=\"zollernalbkreis (147\u00a0Eintr\u00e4ge)\">zollernalbkreis<\/a>\n<a href=\"https:\/\/www.mb-fotografie.de\/website\/tag\/ueberlingen\/\" class=\"tag-cloud-link tag-link-221 tag-link-position-45\" style=\"font-size: 16.716981132075pt;\" aria-label=\"\u00dcberlingen (48\u00a0Eintr\u00e4ge)\">\u00dcberlingen<\/a><\/p>","protected":false},"excerpt":{"rendered":"","protected":false},"author":1,"featured_media":3698,"comment_status":"open","ping_status":"open","sticky":false,"template":"","format":"standard","meta":{"footnotes":""},"categories":[149,214],"tags":[258,261,257,11,326,72,265,320,273,272,323,325,73,328,327,69,330,318,329,77,215,322,270,324,103,33,263,262,164,84,95,321],"class_list":["post-3690","post","type-post","status-publish","format-standard","has-post-thumbnail","hentry","category-after-wedding-shooting","category-bts","tag-after-wedding","tag-boot","tag-brautpaar","tag-bride","tag-flowers","tag-fotograf","tag-fotograf-marcus-braun","tag-fotograf-zollernalb","tag-fotografie","tag-fotoshooting","tag-fotoshooting-hochzeit","tag-groom","tag-hechingen","tag-heiraten-2020","tag-heiraten-in-sueddeutschland","tag-hochzeitsfotograf","tag-hochzeitsfotograf-balingen","tag-hochzeitsfotograf-rottenburg","tag-hochzeitsfotograf-stuttgart","tag-hochzeitsfotograf-suddeutschland","tag-hochzeitsfotograf-tuebingen","tag-hochzeitspaar","tag-marcus-braun-fotografie","tag-paarbilder","tag-portrait","tag-shooting","tag-staendchen","tag-stocherkahn","tag-stuttgart","tag-tubingen","tag-zollernalb","tag-zollernalb-hochzeit"],"yoast_head":"<!-- This site is optimized with the Yoast SEO plugin v24.6 - https:\/\/yoast.com\/wordpress\/plugins\/seo\/ -->\n<title>Das h\u00e4tten wir nicht erwartet! - Marcus Braun | Hochzeitsfotograf<\/title>\n<meta name=\"robots\" content=\"index, follow, max-snippet:-1, max-image-preview:large, max-video-preview:-1\" \/>\n<link rel=\"canonical\" href=\"https:\/\/www.mb-fotografie.de\/website\/brautpaar-bekommt-staendchen\/\" \/>\n<meta property=\"og:locale\" content=\"de_DE\" \/>\n<meta property=\"og:type\" content=\"article\" \/>\n<meta property=\"og:title\" content=\"Das h\u00e4tten wir nicht erwartet! - Marcus Braun | Hochzeitsfotograf\" \/>\n<meta property=\"og:url\" content=\"https:\/\/www.mb-fotografie.de\/website\/brautpaar-bekommt-staendchen\/\" \/>\n<meta property=\"og:site_name\" content=\"Marcus Braun | Hochzeitsfotograf\" \/>\n<meta property=\"article:published_time\" content=\"2019-05-01T12:57:00+00:00\" \/>\n<meta property=\"article:modified_time\" content=\"2020-02-24T05:29:10+00:00\" \/>\n<meta property=\"og:image\" content=\"https:\/\/www.mb-fotografie.de\/website\/wp-content\/uploads\/2016\/05\/Marcus_Braun_Hochzeitsfotograf_wedding-IMG_0252.jpg\" \/>\n\t<meta property=\"og:image:width\" content=\"900\" \/>\n\t<meta property=\"og:image:height\" content=\"600\" \/>\n\t<meta property=\"og:image:type\" content=\"image\/jpeg\" \/>\n<meta name=\"author\" content=\"Marcus Braun\" \/>\n<meta name=\"twitter:card\" content=\"summary_large_image\" \/>\n<meta name=\"twitter:label1\" content=\"Verfasst von\" \/>\n\t<meta name=\"twitter:data1\" content=\"Marcus Braun\" \/>\n\t<meta name=\"twitter:label2\" content=\"Gesch\u00e4tzte Lesezeit\" \/>\n\t<meta name=\"twitter:data2\" content=\"1\u00a0Minute\" \/>\n<script type=\"application\/ld+json\" class=\"yoast-schema-graph\">{\"@context\":\"https:\/\/schema.org\",\"@graph\":[{\"@type\":\"Article\",\"@id\":\"https:\/\/www.mb-fotografie.de\/website\/brautpaar-bekommt-staendchen\/#article\",\"isPartOf\":{\"@id\":\"https:\/\/www.mb-fotografie.de\/website\/brautpaar-bekommt-staendchen\/\"},\"author\":{\"name\":\"Marcus Braun\",\"@id\":\"https:\/\/www.mb-fotografie.de\/website\/#\/schema\/person\/d7b7c09f7480a0bd09f895c2134a73c7\"},\"headline\":\"Das h\u00e4tten wir nicht erwartet!\",\"datePublished\":\"2019-05-01T12:57:00+00:00\",\"dateModified\":\"2020-02-24T05:29:10+00:00\",\"mainEntityOfPage\":{\"@id\":\"https:\/\/www.mb-fotografie.de\/website\/brautpaar-bekommt-staendchen\/\"},\"wordCount\":218,\"commentCount\":0,\"publisher\":{\"@id\":\"https:\/\/www.mb-fotografie.de\/website\/#\/schema\/person\/d7b7c09f7480a0bd09f895c2134a73c7\"},\"image\":{\"@id\":\"https:\/\/www.mb-fotografie.de\/website\/brautpaar-bekommt-staendchen\/#primaryimage\"},\"thumbnailUrl\":\"https:\/\/www.mb-fotografie.de\/website\/wp-content\/uploads\/2016\/05\/Marcus_Braun_Hochzeitsfotograf_wedding-IMG_0252.jpg\",\"keywords\":[\"After Wedding\",\"Boot\",\"Brautpaar\",\"Bride\",\"Flowers\",\"Fotograf\",\"FOTOGRAF Marcus Braun\",\"Fotograf Zollernalb\",\"Fotografie\",\"FOTOSHOOTING\",\"Fotoshooting Hochzeit\",\"Groom\",\"Hechingen\",\"Heiraten 2020\",\"Heiraten in S\u00fcddeutschland\",\"Hochzeitsfotograf\",\"Hochzeitsfotograf Balingen\",\"HOCHZEITSFOTOGRAF ROTTENBURG\",\"Hochzeitsfotograf Stuttgart\",\"Hochzeitsfotograf S\u00fcddeutschland\",\"Hochzeitsfotograf T\u00fcbingen\",\"Hochzeitspaar\",\"Marcus Braun Fotografie\",\"Paarbilder\",\"portrait\",\"Shooting\",\"St\u00e4ndchen\",\"Stocherkahn\",\"Stuttgart\",\"t\u00fcbingen\",\"Zollernalb\",\"Zollernalb Hochzeit\"],\"articleSection\":[\"After Wedding Shooting\",\"BTS\"],\"inLanguage\":\"de\",\"potentialAction\":[{\"@type\":\"CommentAction\",\"name\":\"Comment\",\"target\":[\"https:\/\/www.mb-fotografie.de\/website\/brautpaar-bekommt-staendchen\/#respond\"]}]},{\"@type\":\"WebPage\",\"@id\":\"https:\/\/www.mb-fotografie.de\/website\/brautpaar-bekommt-staendchen\/\",\"url\":\"https:\/\/www.mb-fotografie.de\/website\/brautpaar-bekommt-staendchen\/\",\"name\":\"Das h\u00e4tten wir nicht erwartet! - Marcus Braun | Hochzeitsfotograf\",\"isPartOf\":{\"@id\":\"https:\/\/www.mb-fotografie.de\/website\/#website\"},\"primaryImageOfPage\":{\"@id\":\"https:\/\/www.mb-fotografie.de\/website\/brautpaar-bekommt-staendchen\/#primaryimage\"},\"image\":{\"@id\":\"https:\/\/www.mb-fotografie.de\/website\/brautpaar-bekommt-staendchen\/#primaryimage\"},\"thumbnailUrl\":\"https:\/\/www.mb-fotografie.de\/website\/wp-content\/uploads\/2016\/05\/Marcus_Braun_Hochzeitsfotograf_wedding-IMG_0252.jpg\",\"datePublished\":\"2019-05-01T12:57:00+00:00\",\"dateModified\":\"2020-02-24T05:29:10+00:00\",\"breadcrumb\":{\"@id\":\"https:\/\/www.mb-fotografie.de\/website\/brautpaar-bekommt-staendchen\/#breadcrumb\"},\"inLanguage\":\"de\",\"potentialAction\":[{\"@type\":\"ReadAction\",\"target\":[\"https:\/\/www.mb-fotografie.de\/website\/brautpaar-bekommt-staendchen\/\"]}]},{\"@type\":\"ImageObject\",\"inLanguage\":\"de\",\"@id\":\"https:\/\/www.mb-fotografie.de\/website\/brautpaar-bekommt-staendchen\/#primaryimage\",\"url\":\"https:\/\/www.mb-fotografie.de\/website\/wp-content\/uploads\/2016\/05\/Marcus_Braun_Hochzeitsfotograf_wedding-IMG_0252.jpg\",\"contentUrl\":\"https:\/\/www.mb-fotografie.de\/website\/wp-content\/uploads\/2016\/05\/Marcus_Braun_Hochzeitsfotograf_wedding-IMG_0252.jpg\",\"width\":900,\"height\":600},{\"@type\":\"BreadcrumbList\",\"@id\":\"https:\/\/www.mb-fotografie.de\/website\/brautpaar-bekommt-staendchen\/#breadcrumb\",\"itemListElement\":[{\"@type\":\"ListItem\",\"position\":1,\"name\":\"Startseite\",\"item\":\"https:\/\/www.mb-fotografie.de\/website\/\"},{\"@type\":\"ListItem\",\"position\":2,\"name\":\"Das h\u00e4tten wir nicht erwartet!\"}]},{\"@type\":\"WebSite\",\"@id\":\"https:\/\/www.mb-fotografie.de\/website\/#website\",\"url\":\"https:\/\/www.mb-fotografie.de\/website\/\",\"name\":\"Marcus Braun | Hochzeitsfotograf\",\"description\":\"Hochzeitsfotograf aus S\u00fcddeutschland mit Leib und Seele\",\"publisher\":{\"@id\":\"https:\/\/www.mb-fotografie.de\/website\/#\/schema\/person\/d7b7c09f7480a0bd09f895c2134a73c7\"},\"potentialAction\":[{\"@type\":\"SearchAction\",\"target\":{\"@type\":\"EntryPoint\",\"urlTemplate\":\"https:\/\/www.mb-fotografie.de\/website\/?s={search_term_string}\"},\"query-input\":{\"@type\":\"PropertyValueSpecification\",\"valueRequired\":true,\"valueName\":\"search_term_string\"}}],\"inLanguage\":\"de\"},{\"@type\":[\"Person\",\"Organization\"],\"@id\":\"https:\/\/www.mb-fotografie.de\/website\/#\/schema\/person\/d7b7c09f7480a0bd09f895c2134a73c7\",\"name\":\"Marcus Braun\",\"image\":{\"@type\":\"ImageObject\",\"inLanguage\":\"de\",\"@id\":\"https:\/\/www.mb-fotografie.de\/website\/#\/schema\/person\/image\/\",\"url\":\"https:\/\/secure.gravatar.com\/avatar\/8bb0261a5805bb8c2ad95c5adb735361?s=96&d=mm&r=pg\",\"contentUrl\":\"https:\/\/secure.gravatar.com\/avatar\/8bb0261a5805bb8c2ad95c5adb735361?s=96&d=mm&r=pg\",\"caption\":\"Marcus Braun\"},\"logo\":{\"@id\":\"https:\/\/www.mb-fotografie.de\/website\/#\/schema\/person\/image\/\"},\"description\":\"Ich bin Hochzeitsfotograf aus Leidenschaft. Meine Bilder transportieren Emotionen und erz\u00e4hlen Geschichten aus dem Leben. Ich setzte modernste Technik ein, um gestalterisch, so frei wie m\u00f6glich arbeiten zu k\u00f6nnen. Vielleicht fotografieren ich ja demn\u00e4chste DEINE Hochzeit ! Wir sehen uns ...\",\"sameAs\":[\"http:\/\/www.mb-fotografie.de\"],\"url\":\"https:\/\/www.mb-fotografie.de\/website\/author\/marcusmb\/\"}]}<\/script>\n<!-- \/ Yoast SEO plugin. -->","yoast_head_json":{"title":"Das h\u00e4tten wir nicht erwartet! - Marcus Braun | Hochzeitsfotograf","robots":{"index":"index","follow":"follow","max-snippet":"max-snippet:-1","max-image-preview":"max-image-preview:large","max-video-preview":"max-video-preview:-1"},"canonical":"https:\/\/www.mb-fotografie.de\/website\/brautpaar-bekommt-staendchen\/","og_locale":"de_DE","og_type":"article","og_title":"Das h\u00e4tten wir nicht erwartet! - Marcus Braun | Hochzeitsfotograf","og_url":"https:\/\/www.mb-fotografie.de\/website\/brautpaar-bekommt-staendchen\/","og_site_name":"Marcus Braun | Hochzeitsfotograf","article_published_time":"2019-05-01T12:57:00+00:00","article_modified_time":"2020-02-24T05:29:10+00:00","og_image":[{"width":900,"height":600,"url":"https:\/\/www.mb-fotografie.de\/website\/wp-content\/uploads\/2016\/05\/Marcus_Braun_Hochzeitsfotograf_wedding-IMG_0252.jpg","type":"image\/jpeg"}],"author":"Marcus Braun","twitter_card":"summary_large_image","twitter_misc":{"Verfasst von":"Marcus Braun","Gesch\u00e4tzte Lesezeit":"1\u00a0Minute"},"schema":{"@context":"https:\/\/schema.org","@graph":[{"@type":"Article","@id":"https:\/\/www.mb-fotografie.de\/website\/brautpaar-bekommt-staendchen\/#article","isPartOf":{"@id":"https:\/\/www.mb-fotografie.de\/website\/brautpaar-bekommt-staendchen\/"},"author":{"name":"Marcus Braun","@id":"https:\/\/www.mb-fotografie.de\/website\/#\/schema\/person\/d7b7c09f7480a0bd09f895c2134a73c7"},"headline":"Das h\u00e4tten wir nicht erwartet!","datePublished":"2019-05-01T12:57:00+00:00","dateModified":"2020-02-24T05:29:10+00:00","mainEntityOfPage":{"@id":"https:\/\/www.mb-fotografie.de\/website\/brautpaar-bekommt-staendchen\/"},"wordCount":218,"commentCount":0,"publisher":{"@id":"https:\/\/www.mb-fotografie.de\/website\/#\/schema\/person\/d7b7c09f7480a0bd09f895c2134a73c7"},"image":{"@id":"https:\/\/www.mb-fotografie.de\/website\/brautpaar-bekommt-staendchen\/#primaryimage"},"thumbnailUrl":"https:\/\/www.mb-fotografie.de\/website\/wp-content\/uploads\/2016\/05\/Marcus_Braun_Hochzeitsfotograf_wedding-IMG_0252.jpg","keywords":["After Wedding","Boot","Brautpaar","Bride","Flowers","Fotograf","FOTOGRAF Marcus Braun","Fotograf Zollernalb","Fotografie","FOTOSHOOTING","Fotoshooting Hochzeit","Groom","Hechingen","Heiraten 2020","Heiraten in S\u00fcddeutschland","Hochzeitsfotograf","Hochzeitsfotograf Balingen","HOCHZEITSFOTOGRAF ROTTENBURG","Hochzeitsfotograf Stuttgart","Hochzeitsfotograf S\u00fcddeutschland","Hochzeitsfotograf T\u00fcbingen","Hochzeitspaar","Marcus Braun Fotografie","Paarbilder","portrait","Shooting","St\u00e4ndchen","Stocherkahn","Stuttgart","t\u00fcbingen","Zollernalb","Zollernalb Hochzeit"],"articleSection":["After Wedding Shooting","BTS"],"inLanguage":"de","potentialAction":[{"@type":"CommentAction","name":"Comment","target":["https:\/\/www.mb-fotografie.de\/website\/brautpaar-bekommt-staendchen\/#respond"]}]},{"@type":"WebPage","@id":"https:\/\/www.mb-fotografie.de\/website\/brautpaar-bekommt-staendchen\/","url":"https:\/\/www.mb-fotografie.de\/website\/brautpaar-bekommt-staendchen\/","name":"Das h\u00e4tten wir nicht erwartet! - Marcus Braun | Hochzeitsfotograf","isPartOf":{"@id":"https:\/\/www.mb-fotografie.de\/website\/#website"},"primaryImageOfPage":{"@id":"https:\/\/www.mb-fotografie.de\/website\/brautpaar-bekommt-staendchen\/#primaryimage"},"image":{"@id":"https:\/\/www.mb-fotografie.de\/website\/brautpaar-bekommt-staendchen\/#primaryimage"},"thumbnailUrl":"https:\/\/www.mb-fotografie.de\/website\/wp-content\/uploads\/2016\/05\/Marcus_Braun_Hochzeitsfotograf_wedding-IMG_0252.jpg","datePublished":"2019-05-01T12:57:00+00:00","dateModified":"2020-02-24T05:29:10+00:00","breadcrumb":{"@id":"https:\/\/www.mb-fotografie.de\/website\/brautpaar-bekommt-staendchen\/#breadcrumb"},"inLanguage":"de","potentialAction":[{"@type":"ReadAction","target":["https:\/\/www.mb-fotografie.de\/website\/brautpaar-bekommt-staendchen\/"]}]},{"@type":"ImageObject","inLanguage":"de","@id":"https:\/\/www.mb-fotografie.de\/website\/brautpaar-bekommt-staendchen\/#primaryimage","url":"https:\/\/www.mb-fotografie.de\/website\/wp-content\/uploads\/2016\/05\/Marcus_Braun_Hochzeitsfotograf_wedding-IMG_0252.jpg","contentUrl":"https:\/\/www.mb-fotografie.de\/website\/wp-content\/uploads\/2016\/05\/Marcus_Braun_Hochzeitsfotograf_wedding-IMG_0252.jpg","width":900,"height":600},{"@type":"BreadcrumbList","@id":"https:\/\/www.mb-fotografie.de\/website\/brautpaar-bekommt-staendchen\/#breadcrumb","itemListElement":[{"@type":"ListItem","position":1,"name":"Startseite","item":"https:\/\/www.mb-fotografie.de\/website\/"},{"@type":"ListItem","position":2,"name":"Das h\u00e4tten wir nicht erwartet!"}]},{"@type":"WebSite","@id":"https:\/\/www.mb-fotografie.de\/website\/#website","url":"https:\/\/www.mb-fotografie.de\/website\/","name":"Marcus Braun | Hochzeitsfotograf","description":"Hochzeitsfotograf aus S\u00fcddeutschland mit Leib und Seele","publisher":{"@id":"https:\/\/www.mb-fotografie.de\/website\/#\/schema\/person\/d7b7c09f7480a0bd09f895c2134a73c7"},"potentialAction":[{"@type":"SearchAction","target":{"@type":"EntryPoint","urlTemplate":"https:\/\/www.mb-fotografie.de\/website\/?s={search_term_string}"},"query-input":{"@type":"PropertyValueSpecification","valueRequired":true,"valueName":"search_term_string"}}],"inLanguage":"de"},{"@type":["Person","Organization"],"@id":"https:\/\/www.mb-fotografie.de\/website\/#\/schema\/person\/d7b7c09f7480a0bd09f895c2134a73c7","name":"Marcus Braun","image":{"@type":"ImageObject","inLanguage":"de","@id":"https:\/\/www.mb-fotografie.de\/website\/#\/schema\/person\/image\/","url":"https:\/\/secure.gravatar.com\/avatar\/8bb0261a5805bb8c2ad95c5adb735361?s=96&d=mm&r=pg","contentUrl":"https:\/\/secure.gravatar.com\/avatar\/8bb0261a5805bb8c2ad95c5adb735361?s=96&d=mm&r=pg","caption":"Marcus Braun"},"logo":{"@id":"https:\/\/www.mb-fotografie.de\/website\/#\/schema\/person\/image\/"},"description":"Ich bin Hochzeitsfotograf aus Leidenschaft. Meine Bilder transportieren Emotionen und erz\u00e4hlen Geschichten aus dem Leben. Ich setzte modernste Technik ein, um gestalterisch, so frei wie m\u00f6glich arbeiten zu k\u00f6nnen. Vielleicht fotografieren ich ja demn\u00e4chste DEINE Hochzeit ! Wir sehen uns ...","sameAs":["http:\/\/www.mb-fotografie.de"],"url":"https:\/\/www.mb-fotografie.de\/website\/author\/marcusmb\/"}]}},"_links":{"self":[{"href":"https:\/\/www.mb-fotografie.de\/website\/wp-json\/wp\/v2\/posts\/3690","targetHints":{"allow":["GET"]}}],"collection":[{"href":"https:\/\/www.mb-fotografie.de\/website\/wp-json\/wp\/v2\/posts"}],"about":[{"href":"https:\/\/www.mb-fotografie.de\/website\/wp-json\/wp\/v2\/types\/post"}],"author":[{"embeddable":true,"href":"https:\/\/www.mb-fotografie.de\/website\/wp-json\/wp\/v2\/users\/1"}],"replies":[{"embeddable":true,"href":"https:\/\/www.mb-fotografie.de\/website\/wp-json\/wp\/v2\/comments?post=3690"}],"version-history":[{"count":21,"href":"https:\/\/www.mb-fotografie.de\/website\/wp-json\/wp\/v2\/posts\/3690\/revisions"}],"predecessor-version":[{"id":4502,"href":"https:\/\/www.mb-fotografie.de\/website\/wp-json\/wp\/v2\/posts\/3690\/revisions\/4502"}],"wp:featuredmedia":[{"embeddable":true,"href":"https:\/\/www.mb-fotografie.de\/website\/wp-json\/wp\/v2\/media\/3698"}],"wp:attachment":[{"href":"https:\/\/www.mb-fotografie.de\/website\/wp-json\/wp\/v2\/media?parent=3690"}],"wp:term":[{"taxonomy":"category","embeddable":true,"href":"https:\/\/www.mb-fotografie.de\/website\/wp-json\/wp\/v2\/categories?post=3690"},{"taxonomy":"post_tag","embeddable":true,"href":"https:\/\/www.mb-fotografie.de\/website\/wp-json\/wp\/v2\/tags?post=3690"}],"curies":[{"name":"wp","href":"https:\/\/api.w.org\/{rel}","templated":true}]}}