{"id":248,"count":1,"description":"","link":"https:\/\/www.mb-fotografie.de\/website\/tag\/schwaebischer-albstadl\/","name":"Schw\u00e4bischer Albstadl","slug":"schwaebischer-albstadl","taxonomy":"post_tag","meta":[],"yoast_head":"<!-- This site is optimized with the Yoast SEO plugin v24.6 - https:\/\/yoast.com\/wordpress\/plugins\/seo\/ -->\n<title>Schw\u00e4bischer Albstadl Archive - Marcus Braun | Hochzeitsfotograf<\/title>\n<meta name=\"robots\" content=\"index, follow, max-snippet:-1, max-image-preview:large, max-video-preview:-1\" \/>\n<link rel=\"canonical\" href=\"https:\/\/www.mb-fotografie.de\/website\/tag\/schwaebischer-albstadl\/\" \/>\n<meta property=\"og:locale\" content=\"de_DE\" \/>\n<meta property=\"og:type\" content=\"article\" \/>\n<meta property=\"og:title\" content=\"Schw\u00e4bischer Albstadl Archive - Marcus Braun | Hochzeitsfotograf\" \/>\n<meta property=\"og:url\" content=\"https:\/\/www.mb-fotografie.de\/website\/tag\/schwaebischer-albstadl\/\" \/>\n<meta property=\"og:site_name\" content=\"Marcus Braun | Hochzeitsfotograf\" \/>\n<meta name=\"twitter:card\" content=\"summary_large_image\" \/>\n<script type=\"application\/ld+json\" class=\"yoast-schema-graph\">{\"@context\":\"https:\/\/schema.org\",\"@graph\":[{\"@type\":\"CollectionPage\",\"@id\":\"https:\/\/www.mb-fotografie.de\/website\/tag\/schwaebischer-albstadl\/\",\"url\":\"https:\/\/www.mb-fotografie.de\/website\/tag\/schwaebischer-albstadl\/\",\"name\":\"Schw\u00e4bischer Albstadl Archive - Marcus Braun | Hochzeitsfotograf\",\"isPartOf\":{\"@id\":\"https:\/\/www.mb-fotografie.de\/website\/#website\"},\"breadcrumb\":{\"@id\":\"https:\/\/www.mb-fotografie.de\/website\/tag\/schwaebischer-albstadl\/#breadcrumb\"},\"inLanguage\":\"de\"},{\"@type\":\"BreadcrumbList\",\"@id\":\"https:\/\/www.mb-fotografie.de\/website\/tag\/schwaebischer-albstadl\/#breadcrumb\",\"itemListElement\":[{\"@type\":\"ListItem\",\"position\":1,\"name\":\"Startseite\",\"item\":\"https:\/\/www.mb-fotografie.de\/website\/\"},{\"@type\":\"ListItem\",\"position\":2,\"name\":\"Schw\u00e4bischer Albstadl\"}]},{\"@type\":\"WebSite\",\"@id\":\"https:\/\/www.mb-fotografie.de\/website\/#website\",\"url\":\"https:\/\/www.mb-fotografie.de\/website\/\",\"name\":\"Marcus Braun | Hochzeitsfotograf\",\"description\":\"Hochzeitsfotograf aus S\u00fcddeutschland mit Leib und Seele\",\"publisher\":{\"@id\":\"https:\/\/www.mb-fotografie.de\/website\/#\/schema\/person\/d7b7c09f7480a0bd09f895c2134a73c7\"},\"potentialAction\":[{\"@type\":\"SearchAction\",\"target\":{\"@type\":\"EntryPoint\",\"urlTemplate\":\"https:\/\/www.mb-fotografie.de\/website\/?s={search_term_string}\"},\"query-input\":{\"@type\":\"PropertyValueSpecification\",\"valueRequired\":true,\"valueName\":\"search_term_string\"}}],\"inLanguage\":\"de\"},{\"@type\":[\"Person\",\"Organization\"],\"@id\":\"https:\/\/www.mb-fotografie.de\/website\/#\/schema\/person\/d7b7c09f7480a0bd09f895c2134a73c7\",\"name\":\"Marcus Braun\",\"image\":{\"@type\":\"ImageObject\",\"inLanguage\":\"de\",\"@id\":\"https:\/\/www.mb-fotografie.de\/website\/#\/schema\/person\/image\/\",\"url\":\"https:\/\/secure.gravatar.com\/avatar\/8bb0261a5805bb8c2ad95c5adb735361?s=96&d=mm&r=pg\",\"contentUrl\":\"https:\/\/secure.gravatar.com\/avatar\/8bb0261a5805bb8c2ad95c5adb735361?s=96&d=mm&r=pg\",\"caption\":\"Marcus Braun\"},\"logo\":{\"@id\":\"https:\/\/www.mb-fotografie.de\/website\/#\/schema\/person\/image\/\"},\"description\":\"Ich bin Hochzeitsfotograf aus Leidenschaft. Meine Bilder transportieren Emotionen und erz\u00e4hlen Geschichten aus dem Leben. Ich setzte modernste Technik ein, um gestalterisch, so frei wie m\u00f6glich arbeiten zu k\u00f6nnen. Vielleicht fotografieren ich ja demn\u00e4chste DEINE Hochzeit ! Wir sehen uns ...\",\"sameAs\":[\"http:\/\/www.mb-fotografie.de\"]}]}<\/script>\n<!-- \/ Yoast SEO plugin. -->","yoast_head_json":{"title":"Schw\u00e4bischer Albstadl Archive - Marcus Braun | Hochzeitsfotograf","robots":{"index":"index","follow":"follow","max-snippet":"max-snippet:-1","max-image-preview":"max-image-preview:large","max-video-preview":"max-video-preview:-1"},"canonical":"https:\/\/www.mb-fotografie.de\/website\/tag\/schwaebischer-albstadl\/","og_locale":"de_DE","og_type":"article","og_title":"Schw\u00e4bischer Albstadl Archive - Marcus Braun | Hochzeitsfotograf","og_url":"https:\/\/www.mb-fotografie.de\/website\/tag\/schwaebischer-albstadl\/","og_site_name":"Marcus Braun | Hochzeitsfotograf","twitter_card":"summary_large_image","schema":{"@context":"https:\/\/schema.org","@graph":[{"@type":"CollectionPage","@id":"https:\/\/www.mb-fotografie.de\/website\/tag\/schwaebischer-albstadl\/","url":"https:\/\/www.mb-fotografie.de\/website\/tag\/schwaebischer-albstadl\/","name":"Schw\u00e4bischer Albstadl Archive - Marcus Braun | Hochzeitsfotograf","isPartOf":{"@id":"https:\/\/www.mb-fotografie.de\/website\/#website"},"breadcrumb":{"@id":"https:\/\/www.mb-fotografie.de\/website\/tag\/schwaebischer-albstadl\/#breadcrumb"},"inLanguage":"de"},{"@type":"BreadcrumbList","@id":"https:\/\/www.mb-fotografie.de\/website\/tag\/schwaebischer-albstadl\/#breadcrumb","itemListElement":[{"@type":"ListItem","position":1,"name":"Startseite","item":"https:\/\/www.mb-fotografie.de\/website\/"},{"@type":"ListItem","position":2,"name":"Schw\u00e4bischer Albstadl"}]},{"@type":"WebSite","@id":"https:\/\/www.mb-fotografie.de\/website\/#website","url":"https:\/\/www.mb-fotografie.de\/website\/","name":"Marcus Braun | Hochzeitsfotograf","description":"Hochzeitsfotograf aus S\u00fcddeutschland mit Leib und Seele","publisher":{"@id":"https:\/\/www.mb-fotografie.de\/website\/#\/schema\/person\/d7b7c09f7480a0bd09f895c2134a73c7"},"potentialAction":[{"@type":"SearchAction","target":{"@type":"EntryPoint","urlTemplate":"https:\/\/www.mb-fotografie.de\/website\/?s={search_term_string}"},"query-input":{"@type":"PropertyValueSpecification","valueRequired":true,"valueName":"search_term_string"}}],"inLanguage":"de"},{"@type":["Person","Organization"],"@id":"https:\/\/www.mb-fotografie.de\/website\/#\/schema\/person\/d7b7c09f7480a0bd09f895c2134a73c7","name":"Marcus Braun","image":{"@type":"ImageObject","inLanguage":"de","@id":"https:\/\/www.mb-fotografie.de\/website\/#\/schema\/person\/image\/","url":"https:\/\/secure.gravatar.com\/avatar\/8bb0261a5805bb8c2ad95c5adb735361?s=96&d=mm&r=pg","contentUrl":"https:\/\/secure.gravatar.com\/avatar\/8bb0261a5805bb8c2ad95c5adb735361?s=96&d=mm&r=pg","caption":"Marcus Braun"},"logo":{"@id":"https:\/\/www.mb-fotografie.de\/website\/#\/schema\/person\/image\/"},"description":"Ich bin Hochzeitsfotograf aus Leidenschaft. Meine Bilder transportieren Emotionen und erz\u00e4hlen Geschichten aus dem Leben. Ich setzte modernste Technik ein, um gestalterisch, so frei wie m\u00f6glich arbeiten zu k\u00f6nnen. Vielleicht fotografieren ich ja demn\u00e4chste DEINE Hochzeit ! Wir sehen uns ...","sameAs":["http:\/\/www.mb-fotografie.de"]}]}},"_links":{"self":[{"href":"https:\/\/www.mb-fotografie.de\/website\/wp-json\/wp\/v2\/tags\/248","targetHints":{"allow":["GET"]}}],"collection":[{"href":"https:\/\/www.mb-fotografie.de\/website\/wp-json\/wp\/v2\/tags"}],"about":[{"href":"https:\/\/www.mb-fotografie.de\/website\/wp-json\/wp\/v2\/taxonomies\/post_tag"}],"wp:post_type":[{"href":"https:\/\/www.mb-fotografie.de\/website\/wp-json\/wp\/v2\/posts?tags=248"}],"curies":[{"name":"wp","href":"https:\/\/api.w.org\/{rel}","templated":true}]}}